[{"@context":"https:\/\/schema.org\/","@type":"Article","@id":"https:\/\/www.oesp.cz\/v-jake-spolecnosti-lidi-se-radi-pohybujete-vy\/#Article","mainEntityOfPage":"https:\/\/www.oesp.cz\/v-jake-spolecnosti-lidi-se-radi-pohybujete-vy\/","headline":"V jak\u00e9 spole\u010dnosti lid\u00ed se r\u00e1di pohybujete vy?","name":"V jak\u00e9 spole\u010dnosti lid\u00ed se r\u00e1di pohybujete vy?","description":"V\u0161ichni se r\u00e1di pohybujeme ve spole\u010dnosti. Je ozna\u010dov\u00e1na za jednotlivce spole\u010dn\u00fdch z\u00e1jm\u016f. A\u0165 jsme v pr\u00e1ci\u00a0nebo na...","datePublished":"2021-09-07","dateModified":"2023-05-25","author":{"@type":"Person","@id":"https:\/\/www.oesp.cz\/author\/#Person","name":"","url":"https:\/\/www.oesp.cz\/author\/","identifier":1,"image":{"@type":"ImageObject","@id":"https:\/\/secure.gravatar.com\/avatar\/e5312f21b37eec0871f00feffaf403580ddf46c2d055479cc6723fb0100721f2?s=96&d=mm&r=g","url":"https:\/\/secure.gravatar.com\/avatar\/e5312f21b37eec0871f00feffaf403580ddf46c2d055479cc6723fb0100721f2?s=96&d=mm&r=g","height":96,"width":96}},"publisher":{"@type":"Organization","name":"oesp.cz","logo":{"@type":"ImageObject","@id":"\/logo.png","url":"\/logo.png","width":600,"height":60}},"image":{"@type":"ImageObject","@id":"https:\/\/www.oesp.cz\/wp-content\/uploads\/people-3308747_960_720.jpg","url":"https:\/\/www.oesp.cz\/wp-content\/uploads\/people-3308747_960_720.jpg","height":0,"width":0},"url":"https:\/\/www.oesp.cz\/v-jake-spolecnosti-lidi-se-radi-pohybujete-vy\/","about":["Spole\u010dnost"],"wordCount":432,"articleBody":"V\u0161ichni se r\u00e1di pohybujeme ve spole\u010dnosti. Je ozna\u010dov\u00e1na za jednotlivce spole\u010dn\u00fdch z\u00e1jm\u016f. A\u0165 jsme v pr\u00e1ci\u00a0nebo na n\u011bjak\u00e9 kulturn\u00ed akci. Pokud jsme tomuto\u00a0naklon\u011bny, vn\u00edm\u00e1me to za d\u016fle\u017eit\u00e9 pro n\u00e1s, a na\u0161i psychiku. Nepat\u0159\u00edme-li do skupiny lid\u00ed, co jsou samot\u00e1\u0159i, pak se pohybujeme r\u00e1di tam, kde nejsme sami, a kde to \u017eije.\u00a0A nen\u00ed podstatn\u00e9, zda jsme, nebo nejsme po\u010detn\u00e1 skupina osob. Doma u v\u00edna, nebo n\u011bkde na n\u011bjak\u00e9 velk\u00e9 akci\u00a0Jestli se zn\u00e1me, nebo nezn\u00e1me.Ka\u017ed\u00fd z n\u00e1s, ale\u00a0vyhled\u00e1v\u00e1 ur\u010ditou spole\u010denskou\u00a0vrstvu,\u00a0ve kter\u00e9 se c\u00edt\u00ed dob\u0159e. Nez\u00e1le\u017e\u00ed na tom, zda je ten doty\u010dn\u00fd celebrita, bohat\u00fd, nebo st\u0159edn\u00ed, \u010d\u00ed chud\u00e1 t\u0159\u00edda.\u00a0Vyb\u00edr\u00e1me si podle sebe, a na\u0161ich mo\u017enost\u00ed, zda-li se v jejich p\u0159\u00edtomnosti c\u00edt\u00edme dob\u0159e.\u00a0Podle toho, mezi jak\u00fdmi osobami se pohybujeme.\u00a0D\u016fle\u017eit\u00e9 je, si uv\u011bdomit, kdo jsme my. Jak\u00e1 je na\u0161e osobnost, co uzn\u00e1v\u00e1me za hodnoty. Kl\u00ed\u010dov\u00e9 je, jak se my\u00a0lid\u00e9 vn\u00edm\u00e1me, jak na sebe p\u016fsob\u00edme ve\u0159ejn\u011b a jestli si dok\u00e1\u017eeme pomoct \u010di naopak.Existuj\u00ed ur\u010dit\u00e9 faktory, podle kter\u00fdch je ovlivn\u011bna na\u0161e obl\u00edbenost ve spole\u010dnosti.Je n\u00e1m jasn\u00e9, \u017ee jako prvn\u00ed n\u00e1s zaujme to, jak doty\u010dn\u00fd \u010dlov\u011bk vypad\u00e1, a je upraven. Pokud se s n\u00edm pust\u00edme do konverzace, v\u0161\u00edm\u00e1me si hlasu, a jak\u00fdm t\u00f3nem s n\u00e1mi hovo\u0159\u00ed. Zaj\u00edm\u00e1 n\u00e1s jeho inteligence, i jeho vlastnosti. Zda je ta osoba zdvo\u0159il\u00e1, usm\u00edv\u00e1 se, slu\u0161n\u00e1, a p\u0159edev\u0161\u00edm p\u0159\u00e1telsk\u00e1 a lidsk\u00e1. I na\u0161e chov\u00e1n\u00ed n\u00e1s za\u0159azuje do obl\u00edben\u00fdch, a neobl\u00edben\u00fdch skupin lid\u00ed, pro spole\u010dnost.Nej\u010dast\u011bji se v n\u00ed pohybujeme v \u00famyslu\u00a0pobavit. Ale nemus\u00edme j\u00edt na ve\u010d\u00edrek za z\u00e1m\u011brem z\u00e1bavy, ale t\u0159eba i z pracovn\u00edho hlediska. Ve spole\u010dnosti, kde se pohybuj\u00ed ur\u010dit\u00ed lid\u00e9, na ur\u010dit\u00e9 \u00farovni, s ur\u010dit\u00fdm vzd\u011bl\u00e1n\u00edm, n\u00e1m m\u016f\u017ee b\u00fdt n\u00e1pomocn\u00e1.V\u00edte, kam se \u0159ad\u00edte vy, do jak\u00e9 spole\u010dnosti?To, v jak\u00e9 spole\u010dnosti se budeme pohybovat, n\u00e1s m\u016f\u017ee ovlivnit v mnoha ohledech. P\u0159ece nedovol\u00edme, aby n\u00e1s ta nespr\u00e1vn\u00e1 volba, st\u00e1hla ke dnu.\u00a0                                                                                                                                                                                                                                                                                                                                                                                        4.1\/5 - (15 votes)        "},{"@context":"https:\/\/schema.org\/","@type":"BreadcrumbList","itemListElement":[{"@type":"ListItem","position":1,"name":"V jak\u00e9 spole\u010dnosti lid\u00ed se r\u00e1di pohybujete vy?","item":"https:\/\/www.oesp.cz\/v-jake-spolecnosti-lidi-se-radi-pohybujete-vy\/#breadcrumbitem"}]}]