[{"@context":"https:\/\/schema.org\/","@type":"Article","@id":"https:\/\/www.oesp.cz\/jizda-po-cesku-s-taznym-zarizenim-na-ford-galaxy-a-obytnym-karavanem\/#Article","mainEntityOfPage":"https:\/\/www.oesp.cz\/jizda-po-cesku-s-taznym-zarizenim-na-ford-galaxy-a-obytnym-karavanem\/","headline":"J\u00edzda po \u010cesku s ta\u017en\u00fdm za\u0159\u00edzen\u00edm na Ford Galaxy a obytn\u00fdm karavanem","name":"J\u00edzda po \u010cesku s ta\u017en\u00fdm za\u0159\u00edzen\u00edm na Ford Galaxy a obytn\u00fdm karavanem","description":"M\u00e1te-li ta\u017en\u00e9 za\u0159\u00edzen\u00ed na Ford Galaxy, m\u00e1te k dispozici mnoho\u00fa\u010delovou pom\u016fcku pro p\u0159ipojen\u00ed n\u00e1kladn\u00edch p\u0159\u00edv\u011bs\u016f k p\u0159ev\u00e1\u017een\u00ed...","datePublished":"2021-07-30","dateModified":"2023-05-25","author":{"@type":"Person","@id":"https:\/\/www.oesp.cz\/author\/#Person","name":"","url":"https:\/\/www.oesp.cz\/author\/","identifier":1,"image":{"@type":"ImageObject","@id":"https:\/\/secure.gravatar.com\/avatar\/e5312f21b37eec0871f00feffaf403580ddf46c2d055479cc6723fb0100721f2?s=96&d=mm&r=g","url":"https:\/\/secure.gravatar.com\/avatar\/e5312f21b37eec0871f00feffaf403580ddf46c2d055479cc6723fb0100721f2?s=96&d=mm&r=g","height":96,"width":96}},"publisher":{"@type":"Organization","name":"oesp.cz","logo":{"@type":"ImageObject","@id":"\/logo.png","url":"\/logo.png","width":600,"height":60}},"image":{"@type":"ImageObject","@id":"https:\/\/www.oesp.cz\/wp-content\/uploads\/Trabant%20s%20karavanem.jpg","url":"https:\/\/www.oesp.cz\/wp-content\/uploads\/Trabant%20s%20karavanem.jpg","height":0,"width":0},"url":"https:\/\/www.oesp.cz\/jizda-po-cesku-s-taznym-zarizenim-na-ford-galaxy-a-obytnym-karavanem\/","about":["Produkty"],"wordCount":413,"articleBody":"     M\u00e1te-li ta\u017en\u00e9 za\u0159\u00edzen\u00ed na Ford Galaxy, m\u00e1te k dispozici mnoho\u00fa\u010delovou pom\u016fcku pro p\u0159ipojen\u00ed n\u00e1kladn\u00edch p\u0159\u00edv\u011bs\u016f k p\u0159ev\u00e1\u017een\u00ed stavebnin, n\u00e1bytku a dal\u0161\u00edho vybaven\u00ed dom\u00e1cnost\u00ed. M\u016f\u017eete na n\u011bj p\u0159ipojit voz\u00edk pro p\u0159ev\u00e1\u017een\u00ed kon\u00ed, a samoz\u0159ejm\u011b i obytn\u00fd karavan. Modern\u00edm trendem se stal i nosi\u010d j\u00edzdn\u00edch kol, kter\u00fd je ve sv\u00e9 kategorii jedn\u00edm z nejbezpe\u010dn\u011bj\u0161\u00edch a nejv\u00edce konkurence schopn\u00fdch.R\u00e1di bychom se na okam\u017eik zastavili u obytn\u00fdch karavan\u016f, je to prost\u0159edek pro svobodn\u00e9 cestov\u00e1n\u00ed v tuzemsku, ani\u017e byste pot\u0159ebovali Covid pas a vystavovali se dal\u0161\u00edm r\u016fzn\u00fdm omezuj\u00edc\u00edm opat\u0159en\u00edm. Pokud zakotv\u00edte v n\u011bjak\u00e9m autokempu, m\u016f\u017eete tu tr\u00e1vit jen p\u00e1r dn\u016f a p\u0159em\u00edstit se pak jinam, ani\u017e by v\u00e1m n\u011bkdo va\u0161\u00ed trasu nalinkoval, a vyu\u017e\u00edt lze i t\u00e1bo\u0159en\u00ed mimo vyhrazen\u00e1 t\u00e1bo\u0159i\u0161t\u011b, zve\u0159ej\u0148ovan\u00e1 na webov\u00fdch str\u00e1nk\u00e1ch jako voln\u00fd prostor pro pobyt, tedy na pozemc\u00edch doty\u010dn\u00fdch majitel\u016f t\u00e9to slu\u017eby.J\u00edzdu s karavanem m\u016f\u017eete pojmout i jako hv\u011bzdicov\u00fd z\u00e1jezd po m\u00e9n\u011b nav\u0161t\u011bvovan\u00fdch a p\u0159esto velmi zaj\u00edmav\u00fdch m\u00edstech, co\u017e m\u016f\u017ee b\u00fdt velmi atraktivn\u00ed v\u00fdzvou nap\u0159. pro milovn\u00edky p\u011b\u0161\u00ed turistiky a cyklistiky. V na\u0161\u00ed zemi je jich cel\u00e1 \u0159ada a nam\u00e1tkou bychom mohli vyjmenovat CHKO Blan\u00edk, Zru\u010d nad S\u00e1zavou a vodn\u00ed n\u00e1dr\u017e \u0160vihov, hrad \u010cesk\u00fd \u0160ternberk, Sudom\u011b\u0159ice u T\u00e1bora a z\u0159\u00edceninu hradu Borot\u00edn, hrad K\u00e1men a rybn\u00edk Valcha u Cetoraze, hrad a z\u00e1mek Str\u00e1\u017e nad Ne\u017e\u00e1rkou, z\u00e1mek Jem\u010dina, rybn\u00edk Osika u Albe\u0159e, z\u0159\u00edceninu hradu Land\u0161tejn a n\u00e1\u0161 v\u00fd\u010det by mohl pokra\u010dovat tak, \u017ee by zaplnil n\u011bkolik stran textu.Podstatn\u00e9 ov\u0161em je m\u00edt k dispozici homologovanou kouli za autem a spolehliv\u00fd p\u0159\u00edv\u011bs, t\u0159eba pronajat\u00fd, a k tomu rovn\u011b\u017e dob\u0159e zorganizovan\u00fd pl\u00e1n trasy v\u010detn\u011b z\u00e1lo\u017en\u00ed pap\u00edrov\u00e9 mapy, p\u0159\u00edsun kvalitn\u00ed pitn\u00e9 vody, dostatek potravin a potravinov\u00fdch surovin, abyste nebyli z\u00e1visl\u00ed na p\u0159\u00edli\u0161 mnoha extern\u00edch obchodech a mohli pob\u00fdvat v p\u0159\u00edrod\u011b i tam, kam se p\u0159\u00edli\u0161 turist\u016f nehrne.                                                                                                                                                                                                                                                                                                                                                                                          3.9\/5 - (9 votes)        "},{"@context":"https:\/\/schema.org\/","@type":"BreadcrumbList","itemListElement":[{"@type":"ListItem","position":1,"name":"J\u00edzda po \u010cesku s ta\u017en\u00fdm za\u0159\u00edzen\u00edm na Ford Galaxy a obytn\u00fdm karavanem","item":"https:\/\/www.oesp.cz\/jizda-po-cesku-s-taznym-zarizenim-na-ford-galaxy-a-obytnym-karavanem\/#breadcrumbitem"}]}]