[{"@context":"https:\/\/schema.org\/","@type":"Article","@id":"https:\/\/www.oesp.cz\/cim-se-zabyva-mestska-politika\/#Article","mainEntityOfPage":"https:\/\/www.oesp.cz\/cim-se-zabyva-mestska-politika\/","headline":"\u010c\u00edm se zab\u00fdv\u00e1 m\u011bstsk\u00e1 politika","name":"\u010c\u00edm se zab\u00fdv\u00e1 m\u011bstsk\u00e1 politika","description":"A\u0165 se n\u00e1m to l\u00edb\u00ed, nebo ne, politika je b\u011b\u017enou sou\u010d\u00e1st\u00ed na\u0161ich \u017eivot\u016f. Jist\u011b, zde nen\u00ed \u0159e\u010d...","datePublished":"2024-04-27","dateModified":"2024-04-27","author":{"@type":"Person","@id":"https:\/\/www.oesp.cz\/author\/#Person","name":"","url":"https:\/\/www.oesp.cz\/author\/","identifier":1,"image":{"@type":"ImageObject","@id":"https:\/\/secure.gravatar.com\/avatar\/e5312f21b37eec0871f00feffaf403580ddf46c2d055479cc6723fb0100721f2?s=96&d=mm&r=g","url":"https:\/\/secure.gravatar.com\/avatar\/e5312f21b37eec0871f00feffaf403580ddf46c2d055479cc6723fb0100721f2?s=96&d=mm&r=g","height":96,"width":96}},"publisher":{"@type":"Organization","name":"oesp.cz","logo":{"@type":"ImageObject","@id":"\/logo.png","url":"\/logo.png","width":600,"height":60}},"image":{"@type":"ImageObject","@id":"https:\/\/www.oesp.cz\/wp-content\/uploads\/politika2_10_9.png","url":"https:\/\/www.oesp.cz\/wp-content\/uploads\/politika2_10_9.png","height":0,"width":0},"url":"https:\/\/www.oesp.cz\/cim-se-zabyva-mestska-politika\/","about":["Politika"],"wordCount":422,"articleBody":"A\u0165 se n\u00e1m to l\u00edb\u00ed, nebo ne, politika je b\u011b\u017enou sou\u010d\u00e1st\u00ed na\u0161ich \u017eivot\u016f. Jist\u011b, zde nen\u00ed \u0159e\u010d ani tak o t\u00e9 na n\u00e1rodn\u00ed \u010di mezin\u00e1rodn\u00ed \u00farovni. Samoz\u0159ejm\u011b i ta m\u00e1 na n\u00e1s vliv, ov\u0161em mnohem v\u00edce poci\u0165ujeme dopad obecn\u00ed \u010di m\u011bstsk\u00e9 politiky. T\u00e9 v\u0161ak mnoho lid\u00ed nev\u011bnuje ani zdaleka takovou pozornost, jakou by si zaslou\u017eila, i kdy\u017e m\u00e1 na n\u011b zdaleka nejv\u011bt\u0161\u00ed dopad. Je proto dobr\u00e9 se pod\u00edvat, na co v\u0161e m\u00e1 vliv a jak ji m\u016f\u017eeme ovlivnit.\u00a0V\u00a0prvn\u00ed \u0159ad\u011b samoz\u0159ejm\u011b spravuje obecn\u00ed rozpo\u010det. Ten \u0159\u00edk\u00e1, jak budou poplatky, kter\u00e9 ob\u010dan\u00e9 m\u011bstu zaplat\u00ed, a\u0165 u\u017e p\u016fjde o poplatky za svoz odpadu, za psy a dal\u0161\u00ed, rozd\u011bleny a vyu\u017eity. Kolik jich p\u016fjde nap\u0159\u00edklad na \u00fadr\u017ebu tr\u00e1vn\u00edk\u016f, kolik t\u0159eba na opravu ulic, a kolik nap\u0159\u00edklad na r\u016fzn\u00e9 dal\u0161\u00ed projekty, kter\u00e9 maj\u00ed pomoci ob\u010dan\u016fm dan\u00e9 obce.\u00a0\u00a0Dal\u0161\u00ed v\u011bc\u00ed, kterou se politika na m\u011bstsk\u00e9 \u00farovni zab\u00fdv\u00e1, je m\u00edstn\u00ed \u00fazemn\u00ed pl\u00e1n. Ten n\u00e1m jednodu\u0161e \u0159\u00edk\u00e1, k\u00a0\u010demu je dan\u00e1 parcela ur\u010dena, a co na n\u00ed m\u016f\u017ee b\u00fdt postaveno. Zda se jedn\u00e1 o stavebn\u00ed parcelu, kde je mo\u017en\u00e9 postavit d\u016fm, nebo zda jde o pole \u010di park. T\u00edm ur\u010duj\u00ed, jak bude plocha, kterou m\u00e1 dan\u00e1 obec k\u00a0dispozici, vyu\u017eita.\u00a0\u00a0V\u00a0neposledn\u00ed \u0159ad\u011b pak rozhoduj\u00ed o tom, kdy a jak\u00fdm zp\u016fsobem budou provedeny nejr\u016fzn\u011bj\u0161\u00ed opravy a \u00fapravy. Zav\u00e1d\u00ed tak\u00e9 tendry na firmy, kter\u00e9 budou tyto pr\u00e1ce prov\u00e1d\u011bt. Je v\u0161ak ot\u00e1zkou, na kolik dob\u0159e tito politici svou pr\u00e1ci oprav\u0148uj\u00ed.\u00a0Pro \u010dlov\u011bka je pak jednou z\u00a0nejd\u016fle\u017eit\u011bj\u0161\u00edch v\u011bc\u00ed v\u00fd\u0161e poplatk\u016f, kter\u00e9 jsou m\u011bstem vyb\u00edr\u00e1ny. Bohu\u017eel ve v\u011bt\u0161in\u011b p\u0159\u00edpad\u016f se neust\u00e1le zvy\u0161uj\u00ed, a to p\u0159edev\u0161\u00edm proto, \u017ee roste i inflace. Je v\u0161ak ot\u00e1zkou, zda je skute\u010dn\u011b nutn\u00e9, aby jejich v\u00fd\u0161e vzrostla o tolik, a tak\u00e9 to, jak jsou pen\u00edze vyu\u017eity. A je jasn\u00e9, \u017ee ob\u010dan\u00e9 pr\u00e1v\u011b s\u00a0t\u00edmto \u010dasto nemus\u00ed souhlasit. A to je tak\u00e9 d\u016fvod, pro\u010d bychom m\u011bli v\u011bnovat pot\u0159ebnou pozornost nejen parlamentn\u00edm volb\u00e1m, ale tak\u00e9 t\u011bm komun\u00e1ln\u00edm. I ony jsou pro n\u00e1s d\u016fle\u017eit\u00e9.                                                                                                                                                                                                                                                                                                                                                                                        4.1\/5 - (7 votes)        "},{"@context":"https:\/\/schema.org\/","@type":"BreadcrumbList","itemListElement":[{"@type":"ListItem","position":1,"name":"\u010c\u00edm se zab\u00fdv\u00e1 m\u011bstsk\u00e1 politika","item":"https:\/\/www.oesp.cz\/cim-se-zabyva-mestska-politika\/#breadcrumbitem"}]}]